{"id":771,"date":"2024-01-17T18:40:03","date_gmt":"2024-01-17T23:40:03","guid":{"rendered":"https:\/\/elementalpotencialhumano.com\/blog\/?p=771"},"modified":"2025-08-26T13:34:56","modified_gmt":"2025-08-26T17:34:56","slug":"que-es-tu-yo-cuantico-una-explicacion-clara-y-concisa","status":"publish","type":"post","link":"https:\/\/elementalquantumtransformation.com\/blog\/que-es-tu-yo-cuantico-una-explicacion-clara-y-concisa\/","title":{"rendered":"\u00bfQu\u00e9 es tu yo cu\u00e1ntico? Una explicaci\u00f3n clara y concisa"},"content":{"rendered":"\n<p>&#8220;\u00bfQu\u00e9 es tu yo cu\u00e1ntico?&#8221; es una pregunta que ha ganado popularidad en los \u00faltimos a\u00f1os debido a la creciente atenci\u00f3n que se le ha dado a la f\u00edsica cu\u00e1ntica y su relaci\u00f3n con la conciencia humana. En resumen, el t\u00e9rmino &#8220;yo cu\u00e1ntico&#8221; se refiere a la idea de que nuestra conciencia es algo m\u00e1s que una simple actividad neuronal en nuestro cerebro, sino que est\u00e1 intr\u00ednsecamente ligada a los procesos cu\u00e1nticos que ocurren a nivel subat\u00f3mico en nuestro cuerpo y en el universo en general.<\/p>\n\n\n\n<p class=\"has-medium-font-size\"><strong>En Resumen<\/strong><\/p>\n\n\n\n<p>El concepto de <em>yo cu\u00e1ntico<\/em> propone que la conciencia humana est\u00e1 vinculada a procesos cu\u00e1nticos subat\u00f3micos, lo que permitir\u00eda influir en la realidad y en la experiencia vital. Basado en principios de la f\u00edsica cu\u00e1ntica (dualidad onda-part\u00edcula, entrelazamiento y superposici\u00f3n) y la teor\u00eda de la conciencia cu\u00e1ntica (no-localidad y observaci\u00f3n consciente), plantea que el ser humano es multidimensional y que los cambios en un aspecto del yo impactan en los dem\u00e1s. Sus aplicaciones incluyen la meditaci\u00f3n y sanaci\u00f3n cu\u00e1ntica, orientadas a lograr equilibrio f\u00edsico, mental y emocional. Sin embargo, enfrenta cr\u00edticas cient\u00edficas y filos\u00f3ficas que lo consideran pseudociencia o un concepto a\u00fan especulativo. Actualmente, investigadores como Amit Goswami, Dean Radin y Gary Schwartz estudian la relaci\u00f3n entre conciencia, f\u00edsica cu\u00e1ntica y realidad material.<\/p>\n\n\n\n<p><\/p>\n\n\n<div class=\"wp-block-image\">\n<figure class=\"aligncenter size-full\"><img fetchpriority=\"high\" decoding=\"async\" width=\"800\" height=\"500\" src=\"https:\/\/elementalpotencialhumano.com\/blog\/wp-content\/uploads\/2024\/01\/persona-sostiene-signo-interrogacion.jpg\" alt=\"\u00bfQu\u00e9 es tu yo cu\u00e1ntico?\" class=\"wp-image-784\" title=\"\" srcset=\"https:\/\/elementalquantumtransformation.com\/blog\/wp-content\/uploads\/2024\/01\/persona-sostiene-signo-interrogacion.jpg 800w, https:\/\/elementalquantumtransformation.com\/blog\/wp-content\/uploads\/2024\/01\/persona-sostiene-signo-interrogacion-300x188.jpg 300w\" sizes=\"(max-width: 800px) 100vw, 800px\" \/><\/figure>\n<\/div>\n\n\n<p>Esta teor\u00eda sugiere que nuestra conciencia es capaz de influir en la realidad que experimentamos, y que podemos aprender a utilizar esta habilidad para crear la vida que deseamos. Aunque esta idea puede parecer algo fuera de lo com\u00fan, cada vez son m\u00e1s los cient\u00edficos y expertos en el campo de la f\u00edsica cu\u00e1ntica que est\u00e1n explorando esta conexi\u00f3n entre la conciencia y la realidad.<\/p>\n\n\n\n<p>En este art\u00edculo, se profundizar\u00e1 en el concepto de &#8220;yo cu\u00e1ntico&#8221;, explorando sus or\u00edgenes, su relaci\u00f3n con la f\u00edsica cu\u00e1ntica y c\u00f3mo podemos utilizar esta teor\u00eda para mejorar nuestras vidas.<\/p>\n\n\n\n<h2 class=\"wp-block-heading\">Fundamentos del Yo Cu\u00e1ntico<\/h2>\n\n\n\n<p>El Yo Cu\u00e1ntico es un concepto que combina la f\u00edsica cu\u00e1ntica y la teor\u00eda de la conciencia para explicar la naturaleza de la realidad y la existencia humana. En esta secci\u00f3n, se explorar\u00e1n los conceptos fundamentales que sustentan el Yo Cu\u00e1ntico.<\/p>\n\n\n\n<h3 class=\"wp-block-heading\">Conceptos de la F\u00edsica Cu\u00e1ntica<\/h3>\n\n\n\n<p>La f\u00edsica cu\u00e1ntica es una rama de la f\u00edsica que estudia los fen\u00f3menos a nivel subat\u00f3mico. Algunos de los conceptos fundamentales de la f\u00edsica cu\u00e1ntica que son relevantes para el Yo Cu\u00e1ntico incluyen:<\/p>\n\n\n\n<ul class=\"wp-block-list\">\n<li>La dualidad onda-part\u00edcula: esta teor\u00eda sugiere que las part\u00edculas subat\u00f3micas pueden comportarse tanto como ondas como part\u00edculas, y que su comportamiento puede ser influenciado por la observaci\u00f3n.<\/li>\n\n\n\n<li>El entrelazamiento cu\u00e1ntico: este fen\u00f3meno describe c\u00f3mo dos part\u00edculas subat\u00f3micas pueden estar conectadas de forma que cualquier cambio en una afecta a la otra, incluso si est\u00e1n separadas por grandes distancias.<\/li>\n\n\n\n<li>La superposici\u00f3n cu\u00e1ntica: esta teor\u00eda sostiene que las part\u00edculas subat\u00f3micas pueden existir en m\u00faltiples estados simult\u00e1neamente.<\/li>\n<\/ul>\n\n\n\n<h3 class=\"wp-block-heading\">Teor\u00eda de la Conciencia Cu\u00e1ntica<\/h3>\n\n\n\n<p>La teor\u00eda de la conciencia cu\u00e1ntica sostiene que la conciencia es un fen\u00f3meno cu\u00e1ntico y que la mente y el cuerpo est\u00e1n interconectados de manera que no puede ser explicada por la f\u00edsica cl\u00e1sica. Algunos de los conceptos fundamentales de esta teor\u00eda incluyen:<\/p>\n\n\n\n<ul class=\"wp-block-list\">\n<li>La no-localidad: esta teor\u00eda sugiere que la conciencia no est\u00e1 limitada por el espacio y el tiempo, y que puede influir en eventos que ocurren a distancia.<\/li>\n\n\n\n<li>La observaci\u00f3n consciente: esta teor\u00eda sostiene que la observaci\u00f3n consciente puede influir en la realidad subat\u00f3mica y que la mente y el cuerpo est\u00e1n interconectados de forma que la mente puede influir en la salud f\u00edsica.<\/li>\n<\/ul>\n\n\n\n<p>En resumen, el Yo Cu\u00e1ntico es un concepto que combina la f\u00edsica cu\u00e1ntica y la teor\u00eda de la conciencia para explicar la naturaleza de la realidad y la existencia humana. Los conceptos fundamentales de la f\u00edsica cu\u00e1ntica y la teor\u00eda de la conciencia cu\u00e1ntica proporcionan una base s\u00f3lida para entender el Yo Cu\u00e1ntico.<\/p>\n\n\n\n<h2 class=\"wp-block-heading\">La Naturaleza del Yo<\/h2>\n\n\n\n<p>El concepto de &#8220;yo&#8221; ha sido objeto de estudio y reflexi\u00f3n durante siglos. En la teor\u00eda cu\u00e1ntica, el yo se considera multidimensional y est\u00e1 compuesto por diferentes aspectos que interact\u00faan entre s\u00ed.<\/p>\n\n\n\n<h3 class=\"wp-block-heading\">El Yo Multidimensional<\/h3>\n\n\n\n<p>El yo multidimensional es una concepci\u00f3n que se basa en la idea de que el ser humano no es solo una entidad f\u00edsica, sino que tambi\u00e9n tiene una dimensi\u00f3n espiritual. Esta dimensi\u00f3n espiritual se compone de diferentes aspectos, como el cuerpo, la mente, las emociones y el esp\u00edritu.<\/p>\n\n\n\n<p>Cada uno de estos aspectos del yo interact\u00faa entre s\u00ed para formar una entidad completa y coherente. La teor\u00eda cu\u00e1ntica sugiere que estos aspectos del yo no son independientes, sino que est\u00e1n interconectados y se influyen mutuamente.<\/p>\n\n\n\n<h3 class=\"wp-block-heading\">Interconexi\u00f3n Cu\u00e1ntica y el Yo<\/h3>\n\n\n\n<p>La interconexi\u00f3n cu\u00e1ntica es una propiedad fundamental de la teor\u00eda cu\u00e1ntica. Esta propiedad se refiere a la capacidad de las part\u00edculas cu\u00e1nticas para estar conectadas de manera instant\u00e1nea, independientemente de la distancia que las separa.<\/p>\n\n\n\n<p>En el contexto del yo cu\u00e1ntico, la interconexi\u00f3n cu\u00e1ntica sugiere que los diferentes aspectos del yo est\u00e1n conectados entre s\u00ed de manera instant\u00e1nea. Esto significa que cualquier cambio en uno de los aspectos del yo puede tener un impacto en los dem\u00e1s aspectos.<\/p>\n\n\n\n<p>En resumen, la teor\u00eda cu\u00e1ntica sugiere que el yo es una entidad multidimensional compuesta por diferentes aspectos que interact\u00faan entre s\u00ed. Estos aspectos del yo est\u00e1n interconectados de manera cu\u00e1ntica, lo que significa que cualquier cambio en uno de los aspectos puede tener un impacto en los dem\u00e1s.<\/p>\n\n\n\n<h2 class=\"wp-block-heading\">Aplicaciones Pr\u00e1cticas<\/h2>\n\n\n\n<h3 class=\"wp-block-heading\">Meditaci\u00f3n Cu\u00e1ntica<\/h3>\n\n\n\n<p>La meditaci\u00f3n cu\u00e1ntica es una t\u00e9cnica que utiliza los principios de la f\u00edsica cu\u00e1ntica para ayudar a las personas a conectarse con su yo interior y lograr una mayor claridad mental. Esta t\u00e9cnica se basa en la idea de que todo en el universo est\u00e1 interconectado y que la mente y el cuerpo est\u00e1n \u00edntimamente ligados.<\/p>\n\n\n\n<p>Durante la meditaci\u00f3n cu\u00e1ntica, se utilizan t\u00e9cnicas de visualizaci\u00f3n y concentraci\u00f3n para ayudar a la persona a enfocar su mente en el presente y liberar la tensi\u00f3n y el estr\u00e9s acumulados. Al hacer esto, se puede experimentar una sensaci\u00f3n de paz y tranquilidad que puede ayudar a mejorar la salud mental y emocional.<\/p>\n\n\n\n<h3 class=\"wp-block-heading\">Sanaci\u00f3n Cu\u00e1ntica<\/h3>\n\n\n\n<p>La sanaci\u00f3n cu\u00e1ntica es una t\u00e9cnica que utiliza la energ\u00eda cu\u00e1ntica para ayudar a sanar el cuerpo y la mente. Esta t\u00e9cnica se basa en la idea de que todo en el universo est\u00e1 hecho de energ\u00eda y que la salud y el bienestar dependen de la capacidad del cuerpo para mantener un equilibrio energ\u00e9tico adecuado.<\/p>\n\n\n\n<p>Durante la sanaci\u00f3n cu\u00e1ntica, se utilizan t\u00e9cnicas como la visualizaci\u00f3n, la meditaci\u00f3n y la respiraci\u00f3n para ayudar a la persona a conectarse con su energ\u00eda interior y liberar cualquier bloqueo o tensi\u00f3n que pueda estar afectando su salud. Al hacer esto, se puede experimentar una sensaci\u00f3n de bienestar y equilibrio que puede ayudar a mejorar la salud f\u00edsica y emocional.<\/p>\n\n\n\n<p>En resumen, tanto la meditaci\u00f3n cu\u00e1ntica como la sanaci\u00f3n cu\u00e1ntica son t\u00e9cnicas poderosas que pueden ayudar a las personas a mejorar su bienestar mental, emocional y f\u00edsico. Al utilizar los principios de la f\u00edsica cu\u00e1ntica, estas t\u00e9cnicas pueden ayudar a las personas a conectarse con su yo interior y experimentar una mayor sensaci\u00f3n de paz, tranquilidad y equilibrio.<\/p>\n\n\n\n<h2 class=\"wp-block-heading\">Controversias y Cr\u00edticas<\/h2>\n\n\n\n<h3 class=\"wp-block-heading\">Escepticismo Cient\u00edfico<\/h3>\n\n\n\n<p>La idea de &#8220;tu yo cu\u00e1ntico&#8221; ha sido objeto de escepticismo por parte de algunos cient\u00edficos. Aunque la mec\u00e1nica cu\u00e1ntica es un campo bien establecido de la f\u00edsica, la aplicaci\u00f3n de sus principios a la conciencia humana sigue siendo objeto de debate.<\/p>\n\n\n\n<p>Algunos cient\u00edficos argumentan que la idea de &#8220;tu yo cu\u00e1ntico&#8221; es una pseudociencia, ya que no hay evidencia cient\u00edfica que respalde la noci\u00f3n de que la conciencia humana est\u00e1 influenciada por procesos cu\u00e1nticos.<\/p>\n\n\n\n<h3 class=\"wp-block-heading\">Debates Filos\u00f3ficos<\/h3>\n\n\n\n<p>Adem\u00e1s de las cr\u00edticas cient\u00edficas, tambi\u00e9n hay debates filos\u00f3ficos sobre la idea de &#8220;tu yo cu\u00e1ntico&#8221;. Algunos fil\u00f3sofos argumentan que la noci\u00f3n de un &#8220;yo cu\u00e1ntico&#8221; es incompatible con la visi\u00f3n tradicional de la identidad personal, que se basa en la continuidad temporal y la coherencia psicol\u00f3gica.<\/p>\n\n\n\n<p>Otros fil\u00f3sofos argumentan que la noci\u00f3n de un &#8220;yo cu\u00e1ntico&#8221; es compatible con la visi\u00f3n tradicional de la identidad personal, y que la mec\u00e1nica cu\u00e1ntica proporciona una explicaci\u00f3n m\u00e1s completa de la naturaleza de la conciencia humana.<\/p>\n\n\n\n<p>En resumen, la idea de &#8220;tu yo cu\u00e1ntico&#8221; sigue siendo objeto de controversia y debate entre cient\u00edficos y fil\u00f3sofos. Aunque algunos argumentan que la idea es una pseudociencia, otros creen que la mec\u00e1nica cu\u00e1ntica ofrece una explicaci\u00f3n m\u00e1s completa de la naturaleza de la conciencia humana.<\/p>\n\n\n\n<h2 class=\"wp-block-heading\">Investigaciones y Estudios Actuales<\/h2>\n\n\n\n<p>En la actualidad, hay varios estudios e investigaciones en curso sobre el tema de &#8220;\u00bfQu\u00e9 es tu yo cu\u00e1ntico?&#8221; Estos estudios est\u00e1n siendo llevados a cabo por cient\u00edficos y expertos en el campo de la f\u00edsica cu\u00e1ntica y la neurociencia.<\/p>\n\n\n\n<p>Uno de los principales investigadores en este campo es el Dr. Amit Goswami, un f\u00edsico cu\u00e1ntico indio-estadounidense y autor de varios libros sobre la conexi\u00f3n entre la f\u00edsica cu\u00e1ntica y la conciencia. En su libro &#8220;El universo autoconsciente&#8221;, el Dr. Goswami explora la idea de que la conciencia es una fuerza fundamental en el universo y que nuestro yo cu\u00e1ntico es la clave para comprender la relaci\u00f3n entre la conciencia y la realidad material.<\/p>\n\n\n\n<p>Otro estudio interesante es el llevado a cabo por el Dr. Dean Radin, un investigador en el campo de la parapsicolog\u00eda y la conciencia. En su libro &#8220;Supernormal&#8221;, el Dr. Radin explora la idea de que la mente puede tener un efecto directo en el mundo f\u00edsico a trav\u00e9s de la f\u00edsica cu\u00e1ntica y que nuestro yo cu\u00e1ntico puede ser la clave para desbloquear este poder.<\/p>\n\n\n\n<p>Adem\u00e1s, hay varios estudios en curso sobre la meditaci\u00f3n y su relaci\u00f3n con la f\u00edsica cu\u00e1ntica y la conciencia. Uno de estos estudios es el llevado a cabo por el Dr. Gary Schwartz, un psic\u00f3logo y f\u00edsico cu\u00e1ntico estadounidense. En su libro &#8220;The Energy Healing Experiments&#8221;, el Dr. Schwartz explora la idea de que la meditaci\u00f3n y otras pr\u00e1cticas espirituales pueden tener un efecto directo en la realidad material a trav\u00e9s de la f\u00edsica cu\u00e1ntica.<\/p>\n\n\n\n<p>En resumen, hay varios estudios e investigaciones en curso sobre el tema de &#8220;\u00bfQu\u00e9 es tu yo cu\u00e1ntico?&#8221; Estos estudios est\u00e1n siendo llevados a cabo por cient\u00edficos y expertos en el campo de la f\u00edsica cu\u00e1ntica y la neurociencia, y est\u00e1n explorando la relaci\u00f3n entre la conciencia y la realidad material a trav\u00e9s de la f\u00edsica cu\u00e1ntica.<\/p>\n\n\n\n<p><\/p>\n\n\n\n<h2 class=\"wp-block-heading\">Puntos clave<\/h2>\n\n\n\n<ul class=\"wp-block-list\">\n<li>El yo cu\u00e1ntico propone que la conciencia humana est\u00e1 ligada a procesos cu\u00e1nticos subat\u00f3micos, permitiendo influir en la realidad y moldear la vida.<\/li>\n\n\n\n<li>Se fundamenta en conceptos de la f\u00edsica cu\u00e1ntica como la dualidad onda-part\u00edcula, el entrelazamiento y la superposici\u00f3n, junto con la teor\u00eda de la conciencia cu\u00e1ntica (no-localidad y observaci\u00f3n consciente).<\/li>\n\n\n\n<li>El yo es visto como multidimensional, compuesto por cuerpo, mente, emociones y esp\u00edritu, todos interconectados de manera cu\u00e1ntica: un cambio en un aspecto afecta a los dem\u00e1s.<\/li>\n\n\n\n<li>Aplicaciones pr\u00e1cticas incluyen la meditaci\u00f3n cu\u00e1ntica (claridad mental y paz) y la sanaci\u00f3n cu\u00e1ntica (restauraci\u00f3n del equilibrio energ\u00e9tico para mejorar la salud f\u00edsica y emocional).<\/li>\n\n\n\n<li>Existen controversias: algunos cient\u00edficos consideran el yo cu\u00e1ntico pseudociencia, mientras que otros lo ven como una explicaci\u00f3n m\u00e1s completa de la conciencia; tambi\u00e9n hay debates filos\u00f3ficos sobre su compatibilidad con la identidad personal tradicional.<\/li>\n\n\n\n<li>Investigadores como Amit Goswami, Dean Radin y Gary Schwartz exploran la relaci\u00f3n entre conciencia y realidad material a trav\u00e9s de la f\u00edsica cu\u00e1ntica, incluyendo estudios sobre meditaci\u00f3n y energ\u00eda.<\/li>\n<\/ul>\n","protected":false},"excerpt":{"rendered":"<p>&#8220;\u00bfQu\u00e9 es tu yo cu\u00e1ntico?&#8221; es una pregunta que ha ganado popularidad en los \u00faltimos a\u00f1os debido a la creciente atenci\u00f3n que se le ha dado a la f\u00edsica cu\u00e1ntica y su relaci\u00f3n con la conciencia humana. En resumen, el t\u00e9rmino &#8220;yo cu\u00e1ntico&#8221; se refiere a la idea de que nuestra conciencia es algo m\u00e1s [&hellip;]<\/p>\n","protected":false},"author":1,"featured_media":784,"comment_status":"closed","ping_status":"closed","sticky":false,"template":"","format":"standard","meta":{"slim_seo":{"title":"\u00bfQu\u00e9 es tu yo cu\u00e1ntico? Una explicaci\u00f3n clara y concisa - Elemental Quantum Transformation","description":"\"\u00bfQu\u00e9 es tu yo cu\u00e1ntico?\" es una pregunta que ha ganado popularidad en los \u00faltimos a\u00f1os debido a la creciente atenci\u00f3n que se le ha dado a la f\u00edsica cu\u00e1ntica y"},"footnotes":""},"categories":[2],"tags":[],"class_list":["post-771","post","type-post","status-publish","format-standard","has-post-thumbnail","hentry","category-legado"],"_links":{"self":[{"href":"https:\/\/elementalquantumtransformation.com\/blog\/wp-json\/wp\/v2\/posts\/771","targetHints":{"allow":["GET"]}}],"collection":[{"href":"https:\/\/elementalquantumtransformation.com\/blog\/wp-json\/wp\/v2\/posts"}],"about":[{"href":"https:\/\/elementalquantumtransformation.com\/blog\/wp-json\/wp\/v2\/types\/post"}],"author":[{"embeddable":true,"href":"https:\/\/elementalquantumtransformation.com\/blog\/wp-json\/wp\/v2\/users\/1"}],"replies":[{"embeddable":true,"href":"https:\/\/elementalquantumtransformation.com\/blog\/wp-json\/wp\/v2\/comments?post=771"}],"version-history":[{"count":0,"href":"https:\/\/elementalquantumtransformation.com\/blog\/wp-json\/wp\/v2\/posts\/771\/revisions"}],"wp:featuredmedia":[{"embeddable":true,"href":"https:\/\/elementalquantumtransformation.com\/blog\/wp-json\/wp\/v2\/media\/784"}],"wp:attachment":[{"href":"https:\/\/elementalquantumtransformation.com\/blog\/wp-json\/wp\/v2\/media?parent=771"}],"wp:term":[{"taxonomy":"category","embeddable":true,"href":"https:\/\/elementalquantumtransformation.com\/blog\/wp-json\/wp\/v2\/categories?post=771"},{"taxonomy":"post_tag","embeddable":true,"href":"https:\/\/elementalquantumtransformation.com\/blog\/wp-json\/wp\/v2\/tags?post=771"}],"curies":[{"name":"wp","href":"https:\/\/api.w.org\/{rel}","templated":true}]}}